{"id":486,"date":"2016-06-26T16:40:41","date_gmt":"2016-06-26T16:40:41","guid":{"rendered":"http:\/\/memoiresactives.org\/?p=486"},"modified":"2022-11-02T17:44:09","modified_gmt":"2022-11-02T17:44:09","slug":"renaissance-de-lanatomie","status":"publish","type":"post","link":"https:\/\/memoiresactives.org\/?p=486","title":{"rendered":"<em>Renaissance de l&rsquo;anatomie<\/em>"},"content":{"rendered":"<p><a href=\"http:\/\/memoiresactives.org\/wp-content\/uploads\/9782705692339.png\"><img loading=\"lazy\" decoding=\"async\" class=\"alignleft size-medium wp-image-492\" src=\"http:\/\/memoiresactives.org\/wp-content\/uploads\/9782705692339-208x300.png\" alt=\"9782705692339\" width=\"208\" height=\"300\" srcset=\"https:\/\/memoiresactives.org\/wp-content\/uploads\/9782705692339-208x300.png 208w, https:\/\/memoiresactives.org\/wp-content\/uploads\/9782705692339.png 416w\" sizes=\"auto, (max-width: 208px) 100vw, 208px\" \/><\/a>Ce livre est le premier \u00e0 se concentrer sur un paradoxe des images anatomiques de la Renaissance au 18e si\u00e8cle\u00a0: la mise en sc\u00e8ne de squelettes et d\u2019\u00e9corch\u00e9s anim\u00e9s, bien que leur \u00e9tat suppose qu\u2019ils ne soient plus en mesure de l\u2019\u00eatre. Cette approche met en lumi\u00e8re la profonde coh\u00e9rence entre th\u00e9orie de l\u2019art et th\u00e9orie de l\u2019anatomie \u00e0 la Renaissance. Elles se d\u00e9veloppent dans le m\u00eame cadre de pens\u00e9e\u00a0: la rh\u00e9torique humaniste, elles sont d\u00e9termin\u00e9es par un concept philosophique dominant\u00a0: le finalisme. Au finalisme scientifique correspond un finalisme esth\u00e9tique et tous deux se compl\u00e8tent dans la conception des images anatomiques o\u00f9 ils se m\u00ealent \u00e0 un finalisme symbolique, d\u2019ordre moral, eschatologique ou \u00e9rotique. La mise en \u00e9vidence d\u2019une anatomie finaliste permet de distinguer l\u2019\u00e9mergence, \u00e0 la fin du 17e si\u00e8cle, d\u2019une anatomie cart\u00e9sienne. Elle renonce progressivement \u00e0 la rh\u00e9torique finaliste de l\u2019anatomie, elle fait abstraction de la vie et \u00e9vacue progressivement toute connotation symbolique de l\u2019image. Elle consacre ainsi la conception du corps comme objet de connaissance, d\u00e9j\u00e0 pr\u00e9sente dans l\u2019anatomie finaliste o\u00f9, cependant, m\u00eame diss\u00e9qu\u00e9, le corps ne cessait d\u2019avoir une \u00e2me, d\u2019\u00eatre.<\/p>\n<p>T\u00e9l\u00e9chargez le communiqu\u00e9 de presse :<br \/>\n<a href=\"http:\/\/memoiresactives.org\/wp-content\/uploads\/C.PRenaissance-de-lanatomie.pdf\">CP Renaissance de l&rsquo;anatomie<\/a><br \/>\n<a href=\"https:\/\/www.editions-hermann.fr\/livre\/9782705692339\" target=\"_blank\" rel=\"noopener\">\u00e9ditions Hermann<\/a><br \/>\n<a href=\"https:\/\/www.amazon.fr\/Renaissance-lanatomie-Rapha%C3%ABl-CUIR\/dp\/2705692339\/ref=sr_1_2?__mk_fr_FR=%C3%85M%C3%85%C5%BD%C3%95%C3%91&amp;dchild=1&amp;keywords=renaissance+de+l%27anatomie&amp;qid=1614431271&amp;sr=8-2\" target=\"_blank\" rel=\"noopener\">Trouvez-le ici<\/a><\/p>\n","protected":false},"excerpt":{"rendered":"<p>Ce livre est le premier \u00e0 se concentrer sur un paradoxe des images anatomiques de la Renaissance au 18e si\u00e8cle\u00a0: la mise en sc\u00e8ne de squelettes et d\u2019\u00e9corch\u00e9s anim\u00e9s, bien que leur \u00e9tat suppose qu\u2019ils ne soient plus en mesure de l\u2019\u00eatre. Cette approche met en lumi\u00e8re la profonde coh\u00e9rence entre th\u00e9orie de l\u2019art et th\u00e9orie de l\u2019anatomie \u00e0 la<\/p>\n","protected":false},"author":1,"featured_media":0,"comment_status":"closed","ping_status":"closed","sticky":false,"template":"","format":"standard","meta":{"footnotes":""},"categories":[7],"tags":[],"class_list":["post-486","post","type-post","status-publish","format-standard","hentry","category-direction"],"_links":{"self":[{"href":"https:\/\/memoiresactives.org\/index.php?rest_route=\/wp\/v2\/posts\/486","targetHints":{"allow":["GET"]}}],"collection":[{"href":"https:\/\/memoiresactives.org\/index.php?rest_route=\/wp\/v2\/posts"}],"about":[{"href":"https:\/\/memoiresactives.org\/index.php?rest_route=\/wp\/v2\/types\/post"}],"author":[{"embeddable":true,"href":"https:\/\/memoiresactives.org\/index.php?rest_route=\/wp\/v2\/users\/1"}],"replies":[{"embeddable":true,"href":"https:\/\/memoiresactives.org\/index.php?rest_route=%2Fwp%2Fv2%2Fcomments&post=486"}],"version-history":[{"count":9,"href":"https:\/\/memoiresactives.org\/index.php?rest_route=\/wp\/v2\/posts\/486\/revisions"}],"predecessor-version":[{"id":563,"href":"https:\/\/memoiresactives.org\/index.php?rest_route=\/wp\/v2\/posts\/486\/revisions\/563"}],"wp:attachment":[{"href":"https:\/\/memoiresactives.org\/index.php?rest_route=%2Fwp%2Fv2%2Fmedia&parent=486"}],"wp:term":[{"taxonomy":"category","embeddable":true,"href":"https:\/\/memoiresactives.org\/index.php?rest_route=%2Fwp%2Fv2%2Fcategories&post=486"},{"taxonomy":"post_tag","embeddable":true,"href":"https:\/\/memoiresactives.org\/index.php?rest_route=%2Fwp%2Fv2%2Ftags&post=486"}],"curies":[{"name":"wp","href":"https:\/\/api.w.org\/{rel}","templated":true}]}}